{"id":1252,"date":"2024-02-22T15:56:07","date_gmt":"2024-02-22T15:56:07","guid":{"rendered":"https:\/\/www.bohosuitesdenia.com\/restaurant-dna-festival-gastronomique-3-6-decembre-2021\/"},"modified":"2025-04-30T09:01:44","modified_gmt":"2025-04-30T09:01:44","slug":"restaurant-dna-festival-gastronomique-3-6-decembre-2021","status":"publish","type":"post","link":"https:\/\/www.bohosuitesdenia.com\/fr\/restaurant-dna-festival-gastronomique-3-6-decembre-2021\/","title":{"rendered":"Restaurant D*na FESTIVAL GASTRONOMIQUE 3-6 D\u00c9CEMBRE 2021"},"content":{"rendered":"<h1><img decoding=\"async\" class=\"alignnone wp-image-1354\" src=\"https:\/\/www.bohosuitesdenia.com\/wp-content\/uploads\/2024\/02\/DNA_bohosuitesdenia-1-300x150.png\" alt=\"\" width=\"772\" height=\"386\" srcset=\"https:\/\/www.bohosuitesdenia.com\/wp-content\/uploads\/2024\/02\/DNA_bohosuitesdenia-1-300x150.png 300w, https:\/\/www.bohosuitesdenia.com\/wp-content\/uploads\/2024\/02\/DNA_bohosuitesdenia-1-1024x512.png 1024w, https:\/\/www.bohosuitesdenia.com\/wp-content\/uploads\/2024\/02\/DNA_bohosuitesdenia-1-768x384.png 768w, https:\/\/www.bohosuitesdenia.com\/wp-content\/uploads\/2024\/02\/DNA_bohosuitesdenia-1.png 1400w\" sizes=\"(max-width: 772px) 100vw, 772px\" \/><\/h1>\n<h1 style=\"text-align: left;\"><b>D*na Festival D\u00e9nia<\/b><\/h1>\n<p style=\"text-align: left;\"><span style=\"font-weight: 400;\">Il s&rsquo;agit d&rsquo;un festival gastronomique et de loisirs de dimension internationale organis\u00e9 par la mairie de D\u00e9nia et Turisme Comunitat Valenciana, avec le chef Quique Dacosta <\/span><b>chef Quique Dacosta<\/b><span style=\"font-weight: 400;\"> en tant que porte-parole et commissaire gastronomique.<\/span><\/p>\n<p><img decoding=\"async\" class=\"alignnone wp-image-1345\" src=\"https:\/\/www.bohosuitesdenia.com\/wp-content\/uploads\/2024\/02\/qd-bohosuitesenia-300x162.jpg\" alt=\"\" width=\"772\" height=\"417\" srcset=\"https:\/\/www.bohosuitesdenia.com\/wp-content\/uploads\/2024\/02\/qd-bohosuitesenia-300x162.jpg 300w, https:\/\/www.bohosuitesdenia.com\/wp-content\/uploads\/2024\/02\/qd-bohosuitesenia.jpg 305w\" sizes=\"(max-width: 772px) 100vw, 772px\" \/><\/p>\n<p><img decoding=\"async\" class=\"alignnone wp-image-1348\" src=\"https:\/\/www.bohosuitesdenia.com\/wp-content\/uploads\/2024\/02\/DNA_2017-bohosuitesdenia-768x365-1-300x143.jpg\" alt=\"\" width=\"766\" height=\"365\" srcset=\"https:\/\/www.bohosuitesdenia.com\/wp-content\/uploads\/2024\/02\/DNA_2017-bohosuitesdenia-768x365-1-300x143.jpg 300w, https:\/\/www.bohosuitesdenia.com\/wp-content\/uploads\/2024\/02\/DNA_2017-bohosuitesdenia-768x365-1.jpg 768w\" sizes=\"(max-width: 766px) 100vw, 766px\" \/><\/p>\n<p>&nbsp;<\/p>\n<p style=\"text-align: left;\"><span style=\"font-weight: 400;\">Depuis l&rsquo;h\u00f4tel <a href=\"https:\/\/www.bohosuitesdenia.com\/fr\/\">Boho Suites Denia<\/a>, nous voulons donner une voix \u00e0 cet \u00e9v\u00e9nement fantastique qui veut rendre hommage \u00e0 la gastronomie en tant qu&rsquo;essence du style de vie m\u00e9diterran\u00e9en.<\/span><\/p>\n<p style=\"text-align: left;\"><span style=\"font-weight: 400;\">Il s&rsquo;agit de la 4\u00e8me \u00e9dition. En 2021, le festival gastronomique D*na Festival D\u00e9nia s&rsquo;appellera <\/span><b>D*na Restaurant<\/b><span style=\"font-weight: 400;\"> et aura lieu <\/span><b>du 3 au 6 d\u00e9cembre \u00e0 D\u00e9nia.<\/b><\/p>\n<p style=\"text-align: left;\">Auparavant, cet \u00e9v\u00e9nement se d\u00e9roulait sur la plage Marineta Cassiana.<\/p>\n<p>&nbsp;<\/p>\n<p>&nbsp;<\/p>\n<p><img decoding=\"async\" class=\"alignnone wp-image-1351\" src=\"https:\/\/www.bohosuitesdenia.com\/wp-content\/uploads\/2024\/02\/DNA_2018-bohosuitesdenia-768x380-1-300x148.jpg\" alt=\"\" width=\"732\" height=\"361\" srcset=\"https:\/\/www.bohosuitesdenia.com\/wp-content\/uploads\/2024\/02\/DNA_2018-bohosuitesdenia-768x380-1-300x148.jpg 300w, https:\/\/www.bohosuitesdenia.com\/wp-content\/uploads\/2024\/02\/DNA_2018-bohosuitesdenia-768x380-1.jpg 768w\" sizes=\"(max-width: 732px) 100vw, 732px\" \/><\/p>\n<p style=\"text-align: left;\"><span style=\"font-weight: 400;\">Ce changement de nom est \u00e9galement d\u00fb \u00e0 un changement de d\u00e9cor, dans lequel les protagonistes sont les restaurants et autres \u00e9tablissements qui, \u00e0 l&rsquo;instar de l&rsquo;industrie de la restauration, sont les plus importants. <\/span><b>restaurants et autres \u00e9tablissements <\/b><span style=\"font-weight: 400;\">de D\u00e9nia li\u00e9s \u00e0 la gastronomie locale <\/span><b>\u00e0 la gastronomie locale et aux produits du terroir de D\u00e9nia<\/b><span style=\"font-weight: 400;\"> de D\u00e9nia et de la r\u00e9gion de la Marina Alta.<\/span><\/p>\n<p style=\"text-align: left;\"><span style=\"font-weight: 400;\">Pendant ces journ\u00e9es, les restaurants proposeront <\/span><b>des menus \u00e0 th\u00e8me<\/b><span style=\"font-weight: 400;\"> \u00e0 base de produits locaux, de la mer et du jardin, et utilisant des techniques locales.<\/span><!--more--><\/p>\n<p style=\"text-align: left;\"><span style=\"font-weight: 400;\">Dans le m\u00eame temps, les mesures suivantes seront mises en place  <\/span><b>deux sc\u00e9narios<\/b><span style=\"font-weight: 400;\">  dans le centre ville, dans le  <\/span><b>Place Consell<\/b><span style=\"font-weight: 400;\">  et sur le site de la  <\/span><b>Rue Marqu\u00e9s de Campo,<\/b><span style=\"font-weight: 400;\">  o\u00f9 se d\u00e9rouleront les activit\u00e9s suivantes  <\/span><b><i>showcookings<\/i><\/b><span style=\"font-weight: 400;\">,  <\/span><b>ateliers<\/b><span style=\"font-weight: 400;\">,  <\/span><b>tables rondes<\/b><span style=\"font-weight: 400;\">,  <\/span><b>exposition de produits<\/b><span style=\"font-weight: 400;\">etc.<\/span><\/p>\n<p style=\"text-align: left;\"><span style=\"font-weight: 400;\">Plus de 35 restaurants et \u00e9tablissements se sont mis au travail pour vous pr\u00e9parer un menu sp\u00e9cial \u00e0 th\u00e8me.  <\/span><\/p>\n<p style=\"text-align: left;\">Vous ne pouvez pas le manquer, l&rsquo;offre est large et vari\u00e9e, pour tous les go\u00fbts et toutes les bourses.<\/p>\n<p>&nbsp;<\/p>\n<h2 style=\"text-align: left;\"><b>O\u00f9 et quand pouvez-vous profiter de cette c\u00e9l\u00e9bration ?<\/b><\/h2>\n<p>&nbsp;<\/p>\n<h3 style=\"text-align: left;\"><span style=\"font-weight: 400;\">QUAND<\/span><\/h3>\n<p style=\"text-align: left;\"><b>Du 3 au 6 d\u00e9cembre 2021.  <\/b><span style=\"font-weight: 400;\">Le programme d&rsquo;activit\u00e9s se d\u00e9roulera comme suit : samedi 4, de 10h30 \u00e0 19h30. Dimanche 5, de 10h30 \u00e0 19h30. Lundi 6, de 10h30 \u00e0 13h30<\/span><\/p>\n<h3 style=\"text-align: left;\"><span style=\"font-weight: 400;\">O\u00d9<\/span><\/h3>\n<p style=\"text-align: left;\"><span style=\"font-weight: 400;\">Dans cette \u00e9dition, les protagonistes sont les <\/span><b>RESTAURANTS<\/b><span style=\"font-weight: 400;\"> de D\u00e9nia qui proposeront des menus th\u00e9matiques \u00ab\u00a0D*na\u00a0\u00bb ainsi que d&rsquo;autres <\/span><b>autres \u00e9tablissements<\/b><span style=\"font-weight: 400;\"> li\u00e9s \u00e0 la gastronomie de D\u00e9nia et \u00e0 ses produits locaux. <\/span> <\/p>\n<p style=\"text-align: left;\"><span style=\"font-weight: 400;\">Le <\/span><b>Le centre ville<\/b><span style=\"font-weight: 400;\"> rev\u00eat \u00e9galement une grande importance puisque le programme de conf\u00e9rences, d&rsquo;expos\u00e9s et de showcookings se d\u00e9roulera en<\/span><b> 2 \u00e9tapes <\/b> <span style=\"font-weight: 400;\">situ\u00e9 sur la Plaza del Consell et la Calle Marqu\u00e9s de Campo. Acc\u00e8s GRATUIT<\/span><\/p>\n<p>&nbsp;<\/p>\n<p style=\"text-align: left;\"><a href=\"https:\/\/www.dnafestivaldenia.com\/\" target=\"_blank\" rel=\"noopener\">Toutes les informations ici<\/a><\/p>\n<p style=\"text-align: left;\">\n","protected":false},"excerpt":{"rendered":"<p>D*na Festival D\u00e9nia Il s&rsquo;agit d&rsquo;un festival gastronomique et de loisirs de dimension internationale organis\u00e9 par la mairie de D\u00e9nia et Turisme Comunitat Valenciana, avec le chef Quique Dacosta chef Quique Dacosta en tant que porte-parole et commissaire gastronomique. &nbsp; Depuis l&rsquo;h\u00f4tel Boho Suites Denia, nous voulons donner une voix \u00e0 cet \u00e9v\u00e9nement fantastique qui [&hellip;]<\/p>\n","protected":false},"author":1,"featured_media":1112,"comment_status":"closed","ping_status":"closed","sticky":false,"template":"","format":"standard","meta":{"footnotes":""},"categories":[25],"tags":[],"class_list":["post-1252","post","type-post","status-publish","format-standard","has-post-thumbnail","hentry","category-gastronomie-de-denia"],"_links":{"self":[{"href":"https:\/\/www.bohosuitesdenia.com\/fr\/wp-json\/wp\/v2\/posts\/1252","targetHints":{"allow":["GET"]}}],"collection":[{"href":"https:\/\/www.bohosuitesdenia.com\/fr\/wp-json\/wp\/v2\/posts"}],"about":[{"href":"https:\/\/www.bohosuitesdenia.com\/fr\/wp-json\/wp\/v2\/types\/post"}],"author":[{"embeddable":true,"href":"https:\/\/www.bohosuitesdenia.com\/fr\/wp-json\/wp\/v2\/users\/1"}],"replies":[{"embeddable":true,"href":"https:\/\/www.bohosuitesdenia.com\/fr\/wp-json\/wp\/v2\/comments?post=1252"}],"version-history":[{"count":1,"href":"https:\/\/www.bohosuitesdenia.com\/fr\/wp-json\/wp\/v2\/posts\/1252\/revisions"}],"predecessor-version":[{"id":1587,"href":"https:\/\/www.bohosuitesdenia.com\/fr\/wp-json\/wp\/v2\/posts\/1252\/revisions\/1587"}],"wp:featuredmedia":[{"embeddable":true,"href":"https:\/\/www.bohosuitesdenia.com\/fr\/wp-json\/wp\/v2\/media\/1112"}],"wp:attachment":[{"href":"https:\/\/www.bohosuitesdenia.com\/fr\/wp-json\/wp\/v2\/media?parent=1252"}],"wp:term":[{"taxonomy":"category","embeddable":true,"href":"https:\/\/www.bohosuitesdenia.com\/fr\/wp-json\/wp\/v2\/categories?post=1252"},{"taxonomy":"post_tag","embeddable":true,"href":"https:\/\/www.bohosuitesdenia.com\/fr\/wp-json\/wp\/v2\/tags?post=1252"}],"curies":[{"name":"wp","href":"https:\/\/api.w.org\/{rel}","templated":true}]}}