{"id":1250,"date":"2024-02-22T16:04:32","date_gmt":"2024-02-22T16:04:32","guid":{"rendered":"https:\/\/www.bohosuitesdenia.com\/visite-guidee-du-vignoble-les-freses\/"},"modified":"2025-04-30T09:01:45","modified_gmt":"2025-04-30T09:01:45","slug":"visite-guidee-du-vignoble-les-freses","status":"publish","type":"post","link":"https:\/\/www.bohosuitesdenia.com\/fr\/visite-guidee-du-vignoble-les-freses\/","title":{"rendered":"Visite guid\u00e9e du vignoble Les Freses"},"content":{"rendered":"<h2 class=\"p1\"><b>  Celler Les Freses<\/b><\/h2>\n<p class=\"p1\"><a href=\"https:\/\/www.bohosuitesdenia.com\/fr\/\">Boho Suites Denia<\/a> vous propose de visiter la <a href=\"http:\/\/www.lesfreses.com\/\" target=\"_blank\" rel=\"noopener\">cave Les Freses<\/a>. Il s&rsquo;agit d&rsquo;une exploitation viticole familiale situ\u00e9e tout pr\u00e8s de Denia, plus pr\u00e9cis\u00e9ment \u00e0 Jesus Pobre.<\/p>\n<p>&nbsp;<\/p>\n<p><img decoding=\"async\" class=\"alignnone wp-image-1409\" src=\"https:\/\/www.bohosuitesdenia.com\/wp-content\/uploads\/2024\/02\/mara-300x243-1.jpg\" alt=\"\" width=\"754\" height=\"611\"><\/p>\n<p class=\"p1\">La propri\u00e9taire est Mara Ba\u00f1\u00f3 qui respire la sympathie et le bon travail dans toutes ses vignes, elle a pari\u00e9 sur la viticulture en acqu\u00e9rant une ferme o\u00f9 l&rsquo;on cultivait des fraises dans les ann\u00e9es 70, apparemment cela n&rsquo;a pas tr\u00e8s bien march\u00e9, le triomphe de Mara a \u00e9t\u00e9 de convertir la ferme en ce qu&rsquo;aujourd&rsquo;hui<span class=\"Apple-converted-space\">  <\/span>nous connaissons comme la <a href=\"http:\/\/www.lesfreses.com\/\" target=\"_blank\" rel=\"noopener\">cave Les Freses<\/a>, donnant son nom \u00e0 ce vin 100% Muscat d&rsquo;Alexandrie, dont les sommeliers les plus prestigieux ont commenc\u00e9 \u00e0 parler.<\/p>\n<p><span class=\"s1\"><b>Culture non irrigu\u00e9e<\/b><\/span><\/p>\n<p><img decoding=\"async\" class=\"alignnone wp-image-1412\" src=\"https:\/\/www.bohosuitesdenia.com\/wp-content\/uploads\/2024\/02\/cepas-300x169-1.jpg\" alt=\"\" width=\"735\" height=\"414\"><\/p>\n<p class=\"p3\">Mara Ba\u00f1\u00f3 explique que le microclimat cr\u00e9\u00e9 sur le versant nord du <a href=\"http:\/\/www.denia.net\/parque-natural-montgo\" target=\"_blank\" rel=\"noopener\">parc naturel du massif du Montg\u00f3<\/a> permet de cultiver sans irrigation, bien que l&rsquo;humidit\u00e9 \u00e9lev\u00e9e entra\u00eene \u00e9galement la prolif\u00e9ration de parasites. C&rsquo;est pourquoi, sur les conseils du biologiste Jaume Soler, fervent d\u00e9fenseur de la Marina muscatell, ils ont d\u00e9cid\u00e9 de cultiver les vignes sur des treillis, afin d&rsquo;isoler la plante de l&rsquo;humidit\u00e9 du sol.<\/p>\n<p><img decoding=\"async\" class=\"alignnone wp-image-1415\" src=\"https:\/\/www.bohosuitesdenia.com\/wp-content\/uploads\/2024\/02\/cepas1-300x169-1.jpg\" alt=\"\" width=\"728\" height=\"410\"><\/p>\n<p class=\"p3\">Depuis le d\u00e9but, le vigneron Pablo Calatayud, propri\u00e9taire du<a href=\"https:\/\/www.facebook.com\/Cellerdelroure\/\" target=\"_blank\" rel=\"noopener\"> Celler del Roure<\/a> (Maduresa, Alcusses, Parotet, &#8230;) conseille, avec son \u0153nologue Paco Sen\u00eds, l&rsquo;aventure entreprise par Mara Ba\u00f1\u00f3 avec ce vin blanc Moscatel. Un chemin \u00e9galement parcouru avec le gourou du vin, <a href=\"https:\/\/www.facebook.com\/people\/Tonet-Puig-Sirerol\/1246901609\" target=\"_blank\" rel=\"noopener\">Tonet Puig<\/a>, qui a mis toute son \u00e9nergie \u00e0 m\u00fbrir le projet.<\/p>\n<h2 class=\"p1\"><span class=\"s1\"><b>Un bon reflet du vigneron<\/b><\/span><\/h2>\n<p class=\"p3\">Il est temps de s&rsquo;inspirer du mod\u00e8le des touristes \u00e9trangers, qui s&rsquo;int\u00e9ressent au pays qu&rsquo;ils visitent pour ses vins et sa gastronomie. C&rsquo;est une le\u00e7on que devraient retenir les habitants, qui pr\u00e9f\u00e8rent les vins commerciaux d&rsquo;autres DO aux vins produits dans la r\u00e9gion o\u00f9 nous vivons et o\u00f9 nous produisons de la richesse. Sans pour autant sous-estimer les grands vins produits en Espagne.<\/p>\n<p>&nbsp;<\/p>\n<h2 class=\"p1\"><span class=\"s1\"><b>Visites guid\u00e9es<\/b><\/span><\/h2>\n<p class=\"p3\">L&rsquo;Alt de Benim\u00e0quia, consid\u00e9r\u00e9 comme l&rsquo;un des plus anciens sites de production de vin de la p\u00e9ninsule ib\u00e9rique, est tout proche de la <a href=\"http:\/\/www.lesfreses.com\/\" target=\"_blank\" rel=\"noopener\">cave Les Freses<\/a>.<span class=\"Apple-converted-space\">  <\/span>Ici, \u00e0 D\u00e9nia, il y a toujours eu du vin, ou presque, depuis les Ib\u00e8res.<\/p>\n<p><img decoding=\"async\" class=\"alignnone wp-image-1418\" src=\"https:\/\/www.bohosuitesdenia.com\/wp-content\/uploads\/2024\/02\/benimaquia-300x200-1.jpg\" alt=\"\" width=\"714\" height=\"476\"><\/p>\n<p class=\"p3\">Celler Les Freses nous offre la possibilit\u00e9 d&rsquo;apprendre comment nos anc\u00eatres faisaient du vin, de d\u00e9couvrir comment l&rsquo;histoire, l&rsquo;agriculture et la nature se rejoignent \u00e0 travers le vin. Cette cave transforme la passion<span class=\"Apple-converted-space\">  <\/span>de faire du vin en une philosophie et un engagement \u00e9thique envers l&rsquo;\u00e9cosyst\u00e8me.<\/p>\n<p>&nbsp;<\/p>\n<p><img decoding=\"async\" class=\"alignnone wp-image-1421\" src=\"https:\/\/www.bohosuitesdenia.com\/wp-content\/uploads\/2024\/02\/embotellado-225x300-1.jpg\" alt=\"\" width=\"430\" height=\"573\"><\/p>\n<p><img decoding=\"async\" class=\"alignnone wp-image-1424\" src=\"https:\/\/www.bohosuitesdenia.com\/wp-content\/uploads\/2024\/02\/recorrido-1-225x300-1.jpg\" alt=\"\" width=\"429\" height=\"572\"><\/p>\n<h3><\/h3>\n<h3 class=\"p1\">Qui en fait partie ?<\/h3>\n<p class=\"p1\">Pour la modique somme de 10 euros, vous pouvez profiter d&rsquo;une visite guid\u00e9e de toutes les installations et d\u00e9guster leurs excellents vins accompagn\u00e9s de quelques tapas.<\/p>\n<p><img decoding=\"async\" class=\"alignnone wp-image-1427\" src=\"https:\/\/www.bohosuitesdenia.com\/wp-content\/uploads\/2024\/02\/catas1-300x200-1.jpg\" alt=\"\" width=\"696\" height=\"464\"><\/p>\n<p class=\"p1\">Excellente id\u00e9e pour passer un bon moment au milieu de la nature et recevoir de nouvelles connaissances.<\/p>\n<p><img decoding=\"async\" class=\"alignnone wp-image-1430\" src=\"https:\/\/www.bohosuitesdenia.com\/wp-content\/uploads\/2024\/02\/catas-300x225-1.jpg\" alt=\"\" width=\"701\" height=\"526\"><\/p>\n<p class=\"p1\">Si vous d\u00e9cidez d&rsquo;y aller, vous pouvez faire votre r\u00e9servation aupr\u00e8s de notre h\u00f4tel <a href=\"https:\/\/www.bohosuitesdenia.com\/fr\/\">Boho Suites Denia<\/a>, ou en appelant directement la cave Les Freses <a class=\"fl r-iWvMmg88D_es\" title=\"Appeler via Hangouts\" href=\"https:\/\/www.google.com\/search?client=safari&amp;rls=en&amp;q=cellerlesfreses&amp;ie=UTF-8&amp;oe=UTF-8#\" data-number=\"+34965780701\" data-pstn-out-call-url=\"\" data-rtid=\"iWvMmg88D_es\" data-ved=\"2ahUKEwiQuePz6KTgAhWMxoUKHTVPBR8QkAgoADAYegQIERAD\" target=\"_blank\" rel=\"noopener\">965 78 07 01<\/a>.<\/p>\n<p>&nbsp;<\/p>\n","protected":false},"excerpt":{"rendered":"<p>Celler Les Freses Boho Suites Denia vous propose de visiter la cave Les Freses. Il s&rsquo;agit d&rsquo;une exploitation viticole familiale situ\u00e9e tout pr\u00e8s de Denia, plus pr\u00e9cis\u00e9ment \u00e0 Jesus Pobre. &nbsp; La propri\u00e9taire est Mara Ba\u00f1\u00f3 qui respire la sympathie et le bon travail dans toutes ses vignes, elle a pari\u00e9 sur la viticulture en [&hellip;]<\/p>\n","protected":false},"author":1,"featured_media":1122,"comment_status":"closed","ping_status":"closed","sticky":false,"template":"","format":"standard","meta":{"footnotes":""},"categories":[22],"tags":[],"class_list":["post-1250","post","type-post","status-publish","format-standard","has-post-thumbnail","hentry","category-nouvelles-de-denia"],"_links":{"self":[{"href":"https:\/\/www.bohosuitesdenia.com\/fr\/wp-json\/wp\/v2\/posts\/1250","targetHints":{"allow":["GET"]}}],"collection":[{"href":"https:\/\/www.bohosuitesdenia.com\/fr\/wp-json\/wp\/v2\/posts"}],"about":[{"href":"https:\/\/www.bohosuitesdenia.com\/fr\/wp-json\/wp\/v2\/types\/post"}],"author":[{"embeddable":true,"href":"https:\/\/www.bohosuitesdenia.com\/fr\/wp-json\/wp\/v2\/users\/1"}],"replies":[{"embeddable":true,"href":"https:\/\/www.bohosuitesdenia.com\/fr\/wp-json\/wp\/v2\/comments?post=1250"}],"version-history":[{"count":1,"href":"https:\/\/www.bohosuitesdenia.com\/fr\/wp-json\/wp\/v2\/posts\/1250\/revisions"}],"predecessor-version":[{"id":1593,"href":"https:\/\/www.bohosuitesdenia.com\/fr\/wp-json\/wp\/v2\/posts\/1250\/revisions\/1593"}],"wp:featuredmedia":[{"embeddable":true,"href":"https:\/\/www.bohosuitesdenia.com\/fr\/wp-json\/wp\/v2\/media\/1122"}],"wp:attachment":[{"href":"https:\/\/www.bohosuitesdenia.com\/fr\/wp-json\/wp\/v2\/media?parent=1250"}],"wp:term":[{"taxonomy":"category","embeddable":true,"href":"https:\/\/www.bohosuitesdenia.com\/fr\/wp-json\/wp\/v2\/categories?post=1250"},{"taxonomy":"post_tag","embeddable":true,"href":"https:\/\/www.bohosuitesdenia.com\/fr\/wp-json\/wp\/v2\/tags?post=1250"}],"curies":[{"name":"wp","href":"https:\/\/api.w.org\/{rel}","templated":true}]}}